{"id":646,"date":"2025-05-20T21:25:03","date_gmt":"2025-05-20T21:25:03","guid":{"rendered":"https:\/\/ivoirelite.net\/probook\/?p=646"},"modified":"2025-05-20T21:25:03","modified_gmt":"2025-05-20T21:25:03","slug":"akoustika-specialiste-de-laudition-et-des-appareils-auditifs","status":"publish","type":"post","link":"https:\/\/ivoirelite.net\/probook\/professionnel-recommande\/akoustika-specialiste-de-laudition-et-des-appareils-auditifs\/","title":{"rendered":"Akoustika\u00a0: sp\u00e9cialiste de l&rsquo;audition et des appareils auditifs"},"content":{"rendered":"\n<div style=\"height:13px\" aria-hidden=\"true\" class=\"wp-block-spacer\"><\/div>\n\n\n\n<p>Le choix d\u2019un appareil auditif est une \u00e9tape importante. Chaque trouble de l\u2019audition \u00e9tant diff\u00e9rent, la prise en charge n\u00e9cessite une solution adapt\u00e9e au mode de vie, au type de baisse d\u2019audition et au budget. En cas de baisse auditive av\u00e9r\u00e9e, il existe une solution adapt\u00e9e \u00e0 vos besoins parmi plusieurs centaines de r\u00e9f\u00e9rences. Alors comment choisir la solution auditive qui convient \u00e0 vos besoins ?<\/p>\n\n\n\n<p>Nous sommes l\u00e0 pour vous expliquer et vous conseiller, prenez rendez-vous pour tout savoir.<\/p>\n\n\n\n<p><strong>Nos Solutions<\/strong><\/p>\n\n\n\n<p>Nous avons s\u00e9lectionn\u00e9 les meilleurs appareils auditifs :<\/p>\n\n\n\n<p><strong>L&rsquo;appareil auditif mini-contour \u00e0 \u00e9couteur D\u00e9port\u00e9<\/strong><br>Fins et l\u00e9gers<br>Les aides auditives mini-contours (ou RIC pour Receiver In the Canal) sont plus petites et plus fines que les contours classiques.<br>L&rsquo;\u00e9couteur est d\u00e9port\u00e9 dans le conduit auditif. Elles sont id\u00e9ales pour les pertes auditives l\u00e9g\u00e8res \u00e0 moyennes.<\/p>\n\n\n\n<p><strong>L&rsquo;appareil auditif intra-auriculaire<\/strong><br>Discrets et confortables<br>Les aides auditives intra-auriculaires ou In The Ear (ITE) disposent de la derni\u00e8re technologie contenue dans un minuscule bo\u00eetier sur-mesure qui s&rsquo;adapte \u00e0 l&rsquo;oreille.<br>Ces appareils auditifs invisibles se mettent en place et se retirent facilement.<\/p>\n\n\n\n<p><strong>L&rsquo;appareil auditif contour d&rsquo;oreille<\/strong><br>Pratiques et puissants<br>Log\u00e9es dans un bo\u00eetier plac\u00e9 discr\u00e8tement derri\u00e8re l&rsquo;oreille, les aides auditives contours d&rsquo;oreille ou BTE (Behind The Ear) sont tr\u00e8s faciles \u00e0 manipuler.<br>Robustes et confortables, ce sont les appareils auditifs les plus port\u00e9s !<\/p>\n\n\n\n<div class=\"wp-block-media-text is-stacked-on-mobile\"><figure class=\"wp-block-media-text__media\"><img loading=\"lazy\" decoding=\"async\" width=\"705\" height=\"440\" src=\"https:\/\/ivoirelite.net\/probook\/wp-content\/uploads\/2025\/05\/Contacts.png\" alt=\"\" class=\"wp-image-607 size-full\" srcset=\"https:\/\/ivoirelite.net\/probook\/wp-content\/uploads\/2025\/05\/Contacts.png 705w, https:\/\/ivoirelite.net\/probook\/wp-content\/uploads\/2025\/05\/Contacts-300x187.png 300w\" sizes=\"auto, (max-width: 705px) 100vw, 705px\" \/><\/figure><div class=\"wp-block-media-text__content\">\n<p>(+225) 07 10 01 51 83<br>Cocody Riviera Golf<br>Abidjan, C\u00f4te d&rsquo;Ivoire<br>akoustika.abidjan@hotmail.com<\/p>\n<\/div><\/div>\n\n\n\n<div style=\"height:44px\" aria-hidden=\"true\" class=\"wp-block-spacer\"><\/div>\n\n\n\n<figure class=\"wp-block-gallery has-nested-images columns-default is-cropped wp-block-gallery-1 is-layout-flex wp-block-gallery-is-layout-flex\">\n<figure class=\"wp-block-image size-large\"><img loading=\"lazy\" decoding=\"async\" width=\"382\" height=\"382\" data-id=\"669\" src=\"https:\/\/ivoirelite.net\/probook\/wp-content\/uploads\/2025\/05\/Akoustika-specialiste-de-laudition-et-des-appareils-auditifs-5.jpg\" alt=\"\" class=\"wp-image-669\" srcset=\"https:\/\/ivoirelite.net\/probook\/wp-content\/uploads\/2025\/05\/Akoustika-specialiste-de-laudition-et-des-appareils-auditifs-5.jpg 382w, https:\/\/ivoirelite.net\/probook\/wp-content\/uploads\/2025\/05\/Akoustika-specialiste-de-laudition-et-des-appareils-auditifs-5-300x300.jpg 300w, https:\/\/ivoirelite.net\/probook\/wp-content\/uploads\/2025\/05\/Akoustika-specialiste-de-laudition-et-des-appareils-auditifs-5-150x150.jpg 150w\" sizes=\"auto, (max-width: 382px) 100vw, 382px\" \/><\/figure>\n\n\n\n<figure class=\"wp-block-image size-large\"><img loading=\"lazy\" decoding=\"async\" width=\"1024\" height=\"588\" data-id=\"665\" src=\"https:\/\/ivoirelite.net\/probook\/wp-content\/uploads\/2025\/05\/Akoustika-specialiste-de-laudition-et-des-appareils-auditifs-1-1024x588.jpg\" alt=\"\" class=\"wp-image-665\" srcset=\"https:\/\/ivoirelite.net\/probook\/wp-content\/uploads\/2025\/05\/Akoustika-specialiste-de-laudition-et-des-appareils-auditifs-1-1024x588.jpg 1024w, https:\/\/ivoirelite.net\/probook\/wp-content\/uploads\/2025\/05\/Akoustika-specialiste-de-laudition-et-des-appareils-auditifs-1-300x172.jpg 300w, https:\/\/ivoirelite.net\/probook\/wp-content\/uploads\/2025\/05\/Akoustika-specialiste-de-laudition-et-des-appareils-auditifs-1-768x441.jpg 768w, https:\/\/ivoirelite.net\/probook\/wp-content\/uploads\/2025\/05\/Akoustika-specialiste-de-laudition-et-des-appareils-auditifs-1-1536x883.jpg 1536w, https:\/\/ivoirelite.net\/probook\/wp-content\/uploads\/2025\/05\/Akoustika-specialiste-de-laudition-et-des-appareils-auditifs-1.jpg 1935w\" sizes=\"auto, (max-width: 1024px) 100vw, 1024px\" \/><\/figure>\n\n\n\n<figure class=\"wp-block-image size-large\"><img loading=\"lazy\" decoding=\"async\" width=\"1024\" height=\"399\" data-id=\"666\" src=\"https:\/\/ivoirelite.net\/probook\/wp-content\/uploads\/2025\/05\/Akoustika-specialiste-de-laudition-et-des-appareils-auditifs-2-1024x399.png\" alt=\"\" class=\"wp-image-666\" srcset=\"https:\/\/ivoirelite.net\/probook\/wp-content\/uploads\/2025\/05\/Akoustika-specialiste-de-laudition-et-des-appareils-auditifs-2-1024x399.png 1024w, https:\/\/ivoirelite.net\/probook\/wp-content\/uploads\/2025\/05\/Akoustika-specialiste-de-laudition-et-des-appareils-auditifs-2-300x117.png 300w, https:\/\/ivoirelite.net\/probook\/wp-content\/uploads\/2025\/05\/Akoustika-specialiste-de-laudition-et-des-appareils-auditifs-2-768x300.png 768w, https:\/\/ivoirelite.net\/probook\/wp-content\/uploads\/2025\/05\/Akoustika-specialiste-de-laudition-et-des-appareils-auditifs-2-1536x599.png 1536w, https:\/\/ivoirelite.net\/probook\/wp-content\/uploads\/2025\/05\/Akoustika-specialiste-de-laudition-et-des-appareils-auditifs-2-2048x799.png 2048w\" sizes=\"auto, (max-width: 1024px) 100vw, 1024px\" \/><\/figure>\n\n\n\n<figure class=\"wp-block-image size-large\"><img loading=\"lazy\" decoding=\"async\" width=\"1000\" height=\"667\" data-id=\"667\" src=\"https:\/\/ivoirelite.net\/probook\/wp-content\/uploads\/2025\/05\/Akoustika-specialiste-de-laudition-et-des-appareils-auditifs-3.jpg\" alt=\"\" class=\"wp-image-667\" srcset=\"https:\/\/ivoirelite.net\/probook\/wp-content\/uploads\/2025\/05\/Akoustika-specialiste-de-laudition-et-des-appareils-auditifs-3.jpg 1000w, https:\/\/ivoirelite.net\/probook\/wp-content\/uploads\/2025\/05\/Akoustika-specialiste-de-laudition-et-des-appareils-auditifs-3-300x200.jpg 300w, https:\/\/ivoirelite.net\/probook\/wp-content\/uploads\/2025\/05\/Akoustika-specialiste-de-laudition-et-des-appareils-auditifs-3-768x512.jpg 768w\" sizes=\"auto, (max-width: 1000px) 100vw, 1000px\" \/><\/figure>\n\n\n\n<figure class=\"wp-block-image size-large\"><img loading=\"lazy\" decoding=\"async\" width=\"1024\" height=\"611\" data-id=\"668\" src=\"https:\/\/ivoirelite.net\/probook\/wp-content\/uploads\/2025\/05\/Akoustika-specialiste-de-laudition-et-des-appareils-auditifs-4-1024x611.jpg\" alt=\"\" class=\"wp-image-668\" srcset=\"https:\/\/ivoirelite.net\/probook\/wp-content\/uploads\/2025\/05\/Akoustika-specialiste-de-laudition-et-des-appareils-auditifs-4-1024x611.jpg 1024w, https:\/\/ivoirelite.net\/probook\/wp-content\/uploads\/2025\/05\/Akoustika-specialiste-de-laudition-et-des-appareils-auditifs-4-300x179.jpg 300w, https:\/\/ivoirelite.net\/probook\/wp-content\/uploads\/2025\/05\/Akoustika-specialiste-de-laudition-et-des-appareils-auditifs-4-768x458.jpg 768w, https:\/\/ivoirelite.net\/probook\/wp-content\/uploads\/2025\/05\/Akoustika-specialiste-de-laudition-et-des-appareils-auditifs-4-1536x916.jpg 1536w, https:\/\/ivoirelite.net\/probook\/wp-content\/uploads\/2025\/05\/Akoustika-specialiste-de-laudition-et-des-appareils-auditifs-4.jpg 2000w\" sizes=\"auto, (max-width: 1024px) 100vw, 1024px\" \/><\/figure>\n<\/figure>\n\n\n\n<div style=\"height:40px\" aria-hidden=\"true\" class=\"wp-block-spacer\"><\/div>\n\n\n\n<div class=\"wp-block-buttons is-content-justification-center is-layout-flex wp-container-core-buttons-is-layout-a89b3969 wp-block-buttons-is-layout-flex\">\n<div class=\"wp-block-button\"><a class=\"wp-block-button__link has-text-align-center wp-element-button\" href=\"https:\/\/d7b24bb3.websites.looka.com\/\" style=\"border-width:15px;border-radius:71px\" target=\"_blank\" rel=\"noreferrer noopener\">VOIR LE SITE INTERNET<\/a><\/div>\n<\/div>\n\n\n\n<p><\/p>\n","protected":false},"excerpt":{"rendered":"<p>Le choix d\u2019un appareil auditif est une \u00e9tape importante. Chaque trouble de l\u2019audition \u00e9tant diff\u00e9rent, la prise en charge n\u00e9cessite<\/p>\n","protected":false},"author":1,"featured_media":665,"comment_status":"open","ping_status":"open","sticky":false,"template":"","format":"standard","meta":{"colormag_page_layout":"default_layout","footnotes":""},"categories":[6,11],"tags":[],"class_list":["post-646","post","type-post","status-publish","format-standard","has-post-thumbnail","hentry","category-professionnel-recommande","category-sante"],"magazineBlocksPostFeaturedMedia":{"thumbnail":"https:\/\/ivoirelite.net\/probook\/wp-content\/uploads\/2025\/05\/Akoustika-specialiste-de-laudition-et-des-appareils-auditifs-1-150x150.jpg","medium":"https:\/\/ivoirelite.net\/probook\/wp-content\/uploads\/2025\/05\/Akoustika-specialiste-de-laudition-et-des-appareils-auditifs-1-300x172.jpg","medium_large":"https:\/\/ivoirelite.net\/probook\/wp-content\/uploads\/2025\/05\/Akoustika-specialiste-de-laudition-et-des-appareils-auditifs-1-768x441.jpg","large":"https:\/\/ivoirelite.net\/probook\/wp-content\/uploads\/2025\/05\/Akoustika-specialiste-de-laudition-et-des-appareils-auditifs-1-1024x588.jpg","1536x1536":"https:\/\/ivoirelite.net\/probook\/wp-content\/uploads\/2025\/05\/Akoustika-specialiste-de-laudition-et-des-appareils-auditifs-1-1536x883.jpg","2048x2048":"https:\/\/ivoirelite.net\/probook\/wp-content\/uploads\/2025\/05\/Akoustika-specialiste-de-laudition-et-des-appareils-auditifs-1.jpg","colormag-highlighted-post":"https:\/\/ivoirelite.net\/probook\/wp-content\/uploads\/2025\/05\/Akoustika-specialiste-de-laudition-et-des-appareils-auditifs-1-392x272.jpg","colormag-featured-post-medium":"https:\/\/ivoirelite.net\/probook\/wp-content\/uploads\/2025\/05\/Akoustika-specialiste-de-laudition-et-des-appareils-auditifs-1-390x205.jpg","colormag-featured-post-small":"https:\/\/ivoirelite.net\/probook\/wp-content\/uploads\/2025\/05\/Akoustika-specialiste-de-laudition-et-des-appareils-auditifs-1-130x90.jpg","colormag-featured-image":"https:\/\/ivoirelite.net\/probook\/wp-content\/uploads\/2025\/05\/Akoustika-specialiste-de-laudition-et-des-appareils-auditifs-1-800x445.jpg","colormag-default-news":"https:\/\/ivoirelite.net\/probook\/wp-content\/uploads\/2025\/05\/Akoustika-specialiste-de-laudition-et-des-appareils-auditifs-1-150x150.jpg","colormag-featured-image-large":"https:\/\/ivoirelite.net\/probook\/wp-content\/uploads\/2025\/05\/Akoustika-specialiste-de-laudition-et-des-appareils-auditifs-1-1400x600.jpg"},"magazineBlocksPostAuthor":{"name":"Probook","avatar":"https:\/\/secure.gravatar.com\/avatar\/b83485be049c02d5fc3c6b68aa6319d0724ac40eb370528c73867621dfc45100?s=96&d=mm&r=g"},"magazineBlocksPostCommentsNumber":"0","magazineBlocksPostExcerpt":"Le choix d\u2019un appareil auditif est une \u00e9tape importante. Chaque trouble de l\u2019audition \u00e9tant diff\u00e9rent, la prise en charge n\u00e9cessite","magazineBlocksPostCategories":["Professionnel recommand\u00e9","Sant\u00e9"],"magazineBlocksPostViewCount":639,"magazineBlocksPostReadTime":2,"magazine_blocks_featured_image_url":{"full":["https:\/\/ivoirelite.net\/probook\/wp-content\/uploads\/2025\/05\/Akoustika-specialiste-de-laudition-et-des-appareils-auditifs-1.jpg",1935,1112,false],"medium":["https:\/\/ivoirelite.net\/probook\/wp-content\/uploads\/2025\/05\/Akoustika-specialiste-de-laudition-et-des-appareils-auditifs-1-300x172.jpg",300,172,true],"thumbnail":["https:\/\/ivoirelite.net\/probook\/wp-content\/uploads\/2025\/05\/Akoustika-specialiste-de-laudition-et-des-appareils-auditifs-1-150x150.jpg",150,150,true]},"magazine_blocks_author":{"display_name":"Probook","author_link":"https:\/\/ivoirelite.net\/probook\/author\/probook\/"},"magazine_blocks_comment":0,"magazine_blocks_author_image":"https:\/\/secure.gravatar.com\/avatar\/b83485be049c02d5fc3c6b68aa6319d0724ac40eb370528c73867621dfc45100?s=96&d=mm&r=g","magazine_blocks_category":"<a href=\"https:\/\/ivoirelite.net\/probook\/category\/professionnel-recommande\/\" rel=\"category tag\">Professionnel recommand\u00e9<\/a> <a href=\"https:\/\/ivoirelite.net\/probook\/category\/sante\/\" rel=\"category tag\">Sant\u00e9<\/a>","_links":{"self":[{"href":"https:\/\/ivoirelite.net\/probook\/wp-json\/wp\/v2\/posts\/646","targetHints":{"allow":["GET"]}}],"collection":[{"href":"https:\/\/ivoirelite.net\/probook\/wp-json\/wp\/v2\/posts"}],"about":[{"href":"https:\/\/ivoirelite.net\/probook\/wp-json\/wp\/v2\/types\/post"}],"author":[{"embeddable":true,"href":"https:\/\/ivoirelite.net\/probook\/wp-json\/wp\/v2\/users\/1"}],"replies":[{"embeddable":true,"href":"https:\/\/ivoirelite.net\/probook\/wp-json\/wp\/v2\/comments?post=646"}],"version-history":[{"count":1,"href":"https:\/\/ivoirelite.net\/probook\/wp-json\/wp\/v2\/posts\/646\/revisions"}],"predecessor-version":[{"id":670,"href":"https:\/\/ivoirelite.net\/probook\/wp-json\/wp\/v2\/posts\/646\/revisions\/670"}],"wp:featuredmedia":[{"embeddable":true,"href":"https:\/\/ivoirelite.net\/probook\/wp-json\/wp\/v2\/media\/665"}],"wp:attachment":[{"href":"https:\/\/ivoirelite.net\/probook\/wp-json\/wp\/v2\/media?parent=646"}],"wp:term":[{"taxonomy":"category","embeddable":true,"href":"https:\/\/ivoirelite.net\/probook\/wp-json\/wp\/v2\/categories?post=646"},{"taxonomy":"post_tag","embeddable":true,"href":"https:\/\/ivoirelite.net\/probook\/wp-json\/wp\/v2\/tags?post=646"}],"curies":[{"name":"wp","href":"https:\/\/api.w.org\/{rel}","templated":true}]}}